{"id":8357,"date":"2024-09-24T01:10:15","date_gmt":"2024-09-24T02:10:15","guid":{"rendered":"https:\/\/euronewspages.com\/sv\/glasfasader-ett-djupdyk-for-byggbranschen\/"},"modified":"2024-09-24T01:10:15","modified_gmt":"2024-09-24T02:10:15","slug":"glasfasader-ett-djupdyk-for-byggbranschen","status":"publish","type":"post","link":"https:\/\/euronewspages.com\/sv\/glasfasader-ett-djupdyk-for-byggbranschen\/","title":{"rendered":"Glasfasader \u2013 Ett djupdyk f\u00f6r byggbranschen"},"content":{"rendered":"<p><a href=\"https:\/\/www.clspecialglas.se\/glasfasader\/\" rel=\"noopener noreferrer\" target=\"_blank\">Glasfasader<\/a> har blivit allt vanligare inom modern arkitektur. De ger byggnader ett elegant utseende och sl\u00e4pper in rikligt med naturligt ljus, vilket kan bidra till en b\u00e4ttre arbetsmilj\u00f6. Men glasfasader erbjuder \u00e4ven en rad andra f\u00f6rdelar, inte minst ur ett energiperspektiv.<\/p>\n<p><\/p>\n<h3>F\u00f6rdelar med glasfasader<\/h3>\n<ul>\n<li><strong>Naturligt ljus:<\/strong> Genom att maximera anv\u00e4ndningen av naturligt ljus kan behovet av artificiellt ljus minskas, vilket leder till energibesparingar.<\/li>\n<li><strong>\u00d6ppen och luftig k\u00e4nsla:<\/strong> Glasfasader skapar en k\u00e4nsla av rymd och \u00f6ppenhet, vilket kan ha positiva effekter p\u00e5 m\u00e4nniskors v\u00e4lbefinnande.<\/li>\n<li><strong>Estetik:<\/strong> Glasfasader ger byggnader en modern och elegant look.<\/li>\n<li><strong>Flexibilitet:<\/strong> Glas kan anv\u00e4ndas f\u00f6r att skapa en m\u00e4ngd olika fasadutformningar, fr\u00e5n helt transparenta till m\u00f6nstrade eller f\u00e4rgade.<\/li>\n<li><\/li>\n<\/ul>\n<h3>Energibesparing med glasfasader<\/h3>\n<p>Trots att glas sl\u00e4pper igenom v\u00e4rme kan moderna glasfasader faktiskt bidra till att s\u00e4nka v\u00e4rmekostnaderna. Det beror p\u00e5 flera faktorer:<\/p>\n<ul>\n<li><strong>U-v\u00e4rde:<\/strong> U-v\u00e4rdet anger hur mycket v\u00e4rme som l\u00e4cker ut genom ett material. Genom att v\u00e4lja glas med l\u00e5gt U-v\u00e4rde kan v\u00e4rmef\u00f6rlusterna minskas.<\/li>\n<li><strong>Solskydd:<\/strong> Solskyddsglas eller solfilm kan minska m\u00e4ngden solinstr\u00e5lning som n\u00e5r in i byggnaden under sommarm\u00e5naderna. Detta minskar behovet av kylning.<\/li>\n<li><strong>Ventilation:<\/strong> En v\u00e4l utformad ventilationsanl\u00e4ggning i kombination med en glasfasad kan ge en behaglig inomhustemperatur \u00e5ret runt.<\/li>\n<li><strong>Smarta fasadsystem:<\/strong> Vissa glasfasader kan anpassa sig efter v\u00e4derf\u00f6rh\u00e5llanden, till exempel genom att automatiskt justera solskydd eller \u00f6ppningsbara f\u00f6nster.<\/li>\n<\/ul>\n<p><\/p>\n<h3>Utmaningar med glasfasader<\/h3>\n<ul>\n<li><strong>Energif\u00f6rluster:<\/strong> \u00c4ven om moderna glasfasader har mycket b\u00e4ttre isoleringsf\u00f6rm\u00e5ga \u00e4n tidigare, kan det fortfarande f\u00f6rekomma v\u00e4rmef\u00f6rluster, s\u00e4rskilt om fasaden inte \u00e4r korrekt utformad eller installerad.<\/li>\n<li><strong>Kondens:<\/strong> Kondens kan uppst\u00e5 p\u00e5 insidan av glasfasader under vissa f\u00f6rh\u00e5llanden, vilket kan leda till fuktproblem och m\u00f6gel.<\/li>\n<li><strong>Kostnad:<\/strong> Glasfasader \u00e4r ofta dyrare \u00e4n traditionella fasadmaterial.<\/li>\n<li><strong>Underh\u00e5ll:<\/strong> Glasfasader kr\u00e4ver regelbundet underh\u00e5ll f\u00f6r att beh\u00e5lla sitt utseende och funktion.<\/li>\n<\/ul>\n<p><\/p>\n<h3>Sammanfattning<\/h3>\n<p>Glasfasader erbjuder en m\u00e4ngd f\u00f6rdelar, b\u00e5de estetiska och funktionella. Genom att v\u00e4lja r\u00e4tt typ av glas, kombinera det med andra energieffektiva \u00e5tg\u00e4rder och se till att fasaden \u00e4r korrekt utformad och installerad kan man skapa byggnader som \u00e4r b\u00e5de snygga och energisn\u00e5la.<\/p>\n<p><strong>F\u00f6r att maximera f\u00f6rdelarna med glasfasader \u00e4r det viktigt att:<\/strong><\/p>\n<ul>\n<li><strong>Konsultera experter:<\/strong> Involvera arkitekter, ingenj\u00f6rer och byggnadsfysiker tidigt i projektet.<\/li>\n<li><strong>V\u00e4lja r\u00e4tt glas:<\/strong> U-v\u00e4rde, solskyddsfaktor och ljusgenomsl\u00e4pplighet \u00e4r viktiga egenskaper att ta h\u00e4nsyn till.<\/li>\n<li><strong>Kombinera med andra \u00e5tg\u00e4rder:<\/strong> Isolering, ventilation och solskydd \u00e4r viktiga komplement till glasfasaden.<\/li>\n<li><strong>T\u00e4nka l\u00e5ngsiktigt:<\/strong> Glasfasader \u00e4r en investering som b\u00f6r ses i ett livscykelperspektiv, d\u00e4r b\u00e5de energikostnader och underh\u00e5llskostnader beh\u00f6ver beaktas.<\/li>\n<\/ul>\n<p><\/p>\n<p><strong>CL Specialglas<\/strong> har varit en pionj\u00e4r inom den svenska glasindustrin och spelat en betydande roll i utvecklingen av innovativa glasl\u00f6sningar f\u00f6r byggbranschen. Som ett av de f\u00f6rsta f\u00f6retagen i Sverige att specialisera sig p\u00e5 fasadglas och varma glas har <a href=\"https:\/\/www.clspecialglas.se\/\" rel=\"noopener noreferrer\" target=\"_blank\">CL Specialglas<\/a> levererat skr\u00e4ddarsydda l\u00f6sningar till en m\u00e4ngd olika projekt. Deras expertis och l\u00e5nga erfarenhet har gjort dem till en viktig samarbetspartner f\u00f6r arkitekter och byggf\u00f6retag som s\u00f6ker unika och h\u00f6gpresterande glasl\u00f6sningar. Genom att tidigt omfatta de senaste tekniska innovationerna inom glasindustrin har CL Specialglas kunnat bidra till att h\u00f6ja ribban f\u00f6r energieffektivitet och estetik inom fasadkonstruktion.<\/p>\n","protected":false},"excerpt":{"rendered":"<p>Glasfasader har blivit allt vanligare inom modern arkitektur. De ger byggnader ett elegant utseende och sl\u00e4pper in rikligt med naturligt ljus, vilket kan bidra till&#8230;<\/p>\n","protected":false},"author":3,"featured_media":0,"comment_status":"closed","ping_status":"open","sticky":false,"template":"","format":"standard","meta":{"footnotes":""},"categories":[1],"tags":[],"class_list":{"0":"post-8357","1":"post","2":"type-post","3":"status-publish","4":"format-standard","6":"category-nyheter"},"_links":{"self":[{"href":"https:\/\/euronewspages.com\/sv\/wp-json\/wp\/v2\/posts\/8357","targetHints":{"allow":["GET"]}}],"collection":[{"href":"https:\/\/euronewspages.com\/sv\/wp-json\/wp\/v2\/posts"}],"about":[{"href":"https:\/\/euronewspages.com\/sv\/wp-json\/wp\/v2\/types\/post"}],"author":[{"embeddable":true,"href":"https:\/\/euronewspages.com\/sv\/wp-json\/wp\/v2\/users\/3"}],"replies":[{"embeddable":true,"href":"https:\/\/euronewspages.com\/sv\/wp-json\/wp\/v2\/comments?post=8357"}],"version-history":[{"count":0,"href":"https:\/\/euronewspages.com\/sv\/wp-json\/wp\/v2\/posts\/8357\/revisions"}],"wp:attachment":[{"href":"https:\/\/euronewspages.com\/sv\/wp-json\/wp\/v2\/media?parent=8357"}],"wp:term":[{"taxonomy":"category","embeddable":true,"href":"https:\/\/euronewspages.com\/sv\/wp-json\/wp\/v2\/categories?post=8357"},{"taxonomy":"post_tag","embeddable":true,"href":"https:\/\/euronewspages.com\/sv\/wp-json\/wp\/v2\/tags?post=8357"}],"curies":[{"name":"wp","href":"https:\/\/api.w.org\/{rel}","templated":true}]}}