{"id":8223,"date":"2023-03-30T06:45:57","date_gmt":"2023-03-30T07:45:57","guid":{"rendered":"https:\/\/euronewspages.com\/sv\/onlineutbildning-bli-en-expert-pa-medbestammandelagen\/"},"modified":"2023-03-30T06:45:57","modified_gmt":"2023-03-30T07:45:57","slug":"onlineutbildning-bli-en-expert-pa-medbestammandelagen","status":"publish","type":"post","link":"https:\/\/euronewspages.com\/sv\/onlineutbildning-bli-en-expert-pa-medbestammandelagen\/","title":{"rendered":"Onlineutbildning: Bli en expert p\u00e5 medbest\u00e4mmandelagen"},"content":{"rendered":"<p><\/p>\n<p>MBL 10 onlineutbildning \u2013 L\u00e4r dig allt om medbest\u00e4mmandelagen och bli en b\u00e4ttre arbetsgivare eller facklig representant. Anm\u00e4l dig nu!<\/p>\n<p><\/p>\n<p><strong>Inledning<\/strong>: Medbest\u00e4mmandelagen (MBL) \u00e4r en central del av svensk arbetsr\u00e4tt och spelar en avg\u00f6rande roll i relationen mellan arbetsgivare och anst\u00e4llda. F\u00f6r att f\u00f6rst\u00e5 och till\u00e4mpa MBL korrekt \u00e4r det viktigt att ha en gedigen kunskap om lagen. V\u00e5r MBL 10 onlineutbildning hj\u00e4lper dig att bli en expert p\u00e5 medbest\u00e4mmandelagen och f\u00f6rb\u00e4ttra din roll som arbetsgivare eller facklig representant.<\/p>\n<p><\/p>\n<p><a href=\"https:\/\/diplomautbildning.se\/utbildning\/medbestammandelagen\" rel=\"noopener noreferrer\" target=\"_blank\"><strong>MBL 10 onlineutbildning<\/strong><\/a> \u2013 vad du kan f\u00f6rv\u00e4nta dig V\u00e5r onlineutbildning inom MBL 10 ger dig en grundlig genomg\u00e5ng av medbest\u00e4mmandelagens olika delar, fr\u00e5n f\u00f6rhandlingar och samverkan till konflikthantering och f\u00f6reningsr\u00e4tten. Kursen kombinerar teori och praktik genom interaktiva \u00f6vningar, fallstudier och diskussioner som hj\u00e4lper dig att f\u00f6rst\u00e5 och till\u00e4mpa MBL i din arbetsmilj\u00f6.<\/p>\n<p><\/p>\n<p>Skr\u00e4ddarsydd utbildning f\u00f6r arbetsgivare och fackliga representanter MBL 10 onlineutbildningen \u00e4r anpassad f\u00f6r b\u00e5de arbetsgivare och fackliga representanter, s\u00e5 att du kan f\u00e5 den kunskap och insikt som \u00e4r mest relevant f\u00f6r din roll. Kursen \u00e4r flexibel och kan anpassas efter dina behov och tidskrav, s\u00e5 att du kan l\u00e4ra dig i din egen takt och p\u00e5 dina egna villkor.<\/p>\n<p><\/p>\n<p><strong>Sammanfattning<\/strong>: MBL 10 <a href=\"diplomautbildning.se\" rel=\"noopener noreferrer\" target=\"_blank\">onlineutbildning <\/a>ger dig m\u00f6jlighet att bli en expert p\u00e5 medbest\u00e4mmandelagen och d\u00e4rmed f\u00f6rb\u00e4ttra din roll som arbetsgivare eller facklig representant. Genom en kombination av teori och praktik f\u00e5r du den kunskap och erfarenhet som kr\u00e4vs f\u00f6r att navigera i den komplexa v\u00e4rlden av svensk arbetsr\u00e4tt.<\/p>\n<p><\/p>\n<p><strong>Nyckelord<\/strong><\/p>\n<ol>\n<li>arbetsr\u00e4tt<\/li>\n<li>facklig representation<\/li>\n<li>f\u00f6rhandlingsteknik<\/li>\n<li>samverkan<\/li>\n<li>konflikthantering<\/li>\n<\/ol>\n<p><\/p>\n","protected":false},"excerpt":{"rendered":"<p>MBL 10 onlineutbildning \u2013 L\u00e4r dig allt om medbest\u00e4mmandelagen och bli en b\u00e4ttre arbetsgivare eller facklig representant. Anm\u00e4l dig nu! Inledning: Medbest\u00e4mmandelagen (MBL) \u00e4r en&#8230;<\/p>\n","protected":false},"author":3,"featured_media":8222,"comment_status":"closed","ping_status":"open","sticky":false,"template":"","format":"standard","meta":{"footnotes":""},"categories":[5],"tags":[],"class_list":{"0":"post-8223","1":"post","2":"type-post","3":"status-publish","4":"format-standard","5":"has-post-thumbnail","7":"category-halsa"},"_links":{"self":[{"href":"https:\/\/euronewspages.com\/sv\/wp-json\/wp\/v2\/posts\/8223","targetHints":{"allow":["GET"]}}],"collection":[{"href":"https:\/\/euronewspages.com\/sv\/wp-json\/wp\/v2\/posts"}],"about":[{"href":"https:\/\/euronewspages.com\/sv\/wp-json\/wp\/v2\/types\/post"}],"author":[{"embeddable":true,"href":"https:\/\/euronewspages.com\/sv\/wp-json\/wp\/v2\/users\/3"}],"replies":[{"embeddable":true,"href":"https:\/\/euronewspages.com\/sv\/wp-json\/wp\/v2\/comments?post=8223"}],"version-history":[{"count":0,"href":"https:\/\/euronewspages.com\/sv\/wp-json\/wp\/v2\/posts\/8223\/revisions"}],"wp:featuredmedia":[{"embeddable":true,"href":"https:\/\/euronewspages.com\/sv\/wp-json\/wp\/v2\/media\/8222"}],"wp:attachment":[{"href":"https:\/\/euronewspages.com\/sv\/wp-json\/wp\/v2\/media?parent=8223"}],"wp:term":[{"taxonomy":"category","embeddable":true,"href":"https:\/\/euronewspages.com\/sv\/wp-json\/wp\/v2\/categories?post=8223"},{"taxonomy":"post_tag","embeddable":true,"href":"https:\/\/euronewspages.com\/sv\/wp-json\/wp\/v2\/tags?post=8223"}],"curies":[{"name":"wp","href":"https:\/\/api.w.org\/{rel}","templated":true}]}}