{"id":7783,"date":"2017-11-22T16:19:59","date_gmt":"2017-11-22T15:19:59","guid":{"rendered":"https:\/\/www.bigcitymonkey.com\/?p=7783"},"modified":"2017-11-22T16:19:59","modified_gmt":"2017-11-22T15:19:59","slug":"nastan-varannan-svensk-kommer-att-handla-black-friday-ar","status":"publish","type":"post","link":"https:\/\/euronewspages.com\/sv\/nastan-varannan-svensk-kommer-att-handla-black-friday-ar\/","title":{"rendered":"N\u00e4stan varannan svensk kommer att handla under Black Friday i \u00e5r"},"content":{"rendered":"<h2>Den popul\u00e4ra handelsdagen f\u00f6rv\u00e4ntas sl\u00e5 alla tidigare rekord.<\/h2>\n<p>Snart drar den stora \u201ce-handelsfesten\u201d ig\u00e5ng. Med Black Friday n\u00e4ra f\u00f6rest\u00e5ende g\u00f6r sig e-handlare redo f\u00f6r vad som kan komma att bli deras viktigaste dag p\u00e5 \u00e5ret. Och prognoserna ser bra ut &#8211; nytt f\u00f6rs\u00e4ljningsrekord.<\/p>\n<p>Betalf\u00f6retaget DIBS har tillsammans med YouGov gjort en kundunders\u00f6kning som visar att n\u00e4stan varannan svensk (44%) f\u00f6rv\u00e4ntas handla n\u00e5got under Black Friday i \u00e5r. I \u00e5ldersgruppen 18-29 \u00e5ringar \u00e4r intresset \u00e4nnu st\u00f6rre d\u00e4r 68% t\u00e4nker shoppa under handelsdagen.<\/p>\n<p>Unders\u00f6kningen visar \u00e4ven att betydligt fler planerar att handla p\u00e5 n\u00e4tet \u00e4n i butik under Black Friday. Av dessa uppskattar man att \u00e5ldrarna 18-40 kommer att st\u00e5 f\u00f6r en tredjedel av alla k\u00f6p.<\/p>\n<p>\u2013 Black Friday \u00e4r nu verkligen etablerat i Sverige, och fr\u00e4mst f\u00f6r handel p\u00e5 n\u00e4tet. Webbutiker har varit duktiga p\u00e5 att nyttja dagen och marknadsf\u00f6ra den mot svenskarna. Det \u00e4r ett stort intresse \u00e4ven i \u00e5r och det ska bli sp\u00e4nnande att se hur mycket handeln \u00f6kar &#8211; f\u00f6r det tror vi att den g\u00f6r, s\u00e4ger Patrik M\u00fcller, E-handelsexpert p\u00e5 DIBS Payment Services i ett pressmeddelande.<\/p>\n<h3>Black Friday-tips f\u00f6r din webbshop<\/h3>\n<p>Har du en eller flera kampanjer under Black Friday? Kom ih\u00e5g att utm-tagga dina blackfriday-kampanjer separat, s\u00e5 blir det enklare att m\u00e4ta resultaten senare. P\u00e5 s\u00e5 vis kan du \u00e4ven j\u00e4mf\u00f6ra statistik fr\u00e5n \u00e5r till \u00e5r och se om du s\u00e4ljer mer eller mindre under handelsdagen. Om du har n\u00e5gra b\u00e4sts\u00e4ljare, kanske fr\u00e5n f\u00f6reg\u00e5ende \u00e5r, \u00e4r en bra id\u00e9 att l\u00e4gga dessa h\u00f6gst upp i webbshoppen.<\/p>\n","protected":false},"excerpt":{"rendered":"<p>Den popul\u00e4ra handelsdagen f\u00f6rv\u00e4ntas sl\u00e5 alla tidigare rekord. Snart drar den stora \u201ce-handelsfesten\u201d ig\u00e5ng. Med Black Friday n\u00e4ra f\u00f6rest\u00e5ende g\u00f6r sig e-handlare redo f\u00f6r vad&#8230;<\/p>\n","protected":false},"author":2,"featured_media":7790,"comment_status":"closed","ping_status":"open","sticky":false,"template":"","format":"standard","meta":{"footnotes":""},"categories":[26,28,29],"tags":[],"class_list":{"0":"post-7783","1":"post","2":"type-post","3":"status-publish","4":"format-standard","5":"has-post-thumbnail","7":"category-e-handel","8":"category-konvertering","9":"category-tips"},"_links":{"self":[{"href":"https:\/\/euronewspages.com\/sv\/wp-json\/wp\/v2\/posts\/7783","targetHints":{"allow":["GET"]}}],"collection":[{"href":"https:\/\/euronewspages.com\/sv\/wp-json\/wp\/v2\/posts"}],"about":[{"href":"https:\/\/euronewspages.com\/sv\/wp-json\/wp\/v2\/types\/post"}],"author":[{"embeddable":true,"href":"https:\/\/euronewspages.com\/sv\/wp-json\/wp\/v2\/users\/2"}],"replies":[{"embeddable":true,"href":"https:\/\/euronewspages.com\/sv\/wp-json\/wp\/v2\/comments?post=7783"}],"version-history":[{"count":0,"href":"https:\/\/euronewspages.com\/sv\/wp-json\/wp\/v2\/posts\/7783\/revisions"}],"wp:featuredmedia":[{"embeddable":true,"href":"https:\/\/euronewspages.com\/sv\/wp-json\/"}],"wp:attachment":[{"href":"https:\/\/euronewspages.com\/sv\/wp-json\/wp\/v2\/media?parent=7783"}],"wp:term":[{"taxonomy":"category","embeddable":true,"href":"https:\/\/euronewspages.com\/sv\/wp-json\/wp\/v2\/categories?post=7783"},{"taxonomy":"post_tag","embeddable":true,"href":"https:\/\/euronewspages.com\/sv\/wp-json\/wp\/v2\/tags?post=7783"}],"curies":[{"name":"wp","href":"https:\/\/api.w.org\/{rel}","templated":true}]}}