{"id":7693,"date":"2017-09-29T15:07:43","date_gmt":"2017-09-29T14:07:43","guid":{"rendered":"https:\/\/www.bigcitymonkey.com\/?p=7693"},"modified":"2017-09-29T15:07:43","modified_gmt":"2017-09-29T14:07:43","slug":"sa-paverkar-facebooks-nya-algoritm-din-hemsida-och-allt-annat","status":"publish","type":"post","link":"https:\/\/euronewspages.com\/sv\/sa-paverkar-facebooks-nya-algoritm-din-hemsida-och-allt-annat\/","title":{"rendered":"S\u00e5 p\u00e5verkar Facebooks nya algoritm din hemsida (och allt annat)"},"content":{"rendered":"<h2>Nya algoritmen fr\u00e5n Facebook straffar hemsidor med f\u00f6r l\u00e5nga laddningstider men gillar l\u00e5nga captions.<\/h2>\n<p>Om du trodde att det bara var Googles algoritm-uppdateringarna du beh\u00f6vde bry dig om \u00e4r det dags att t\u00e4nka om.<\/p>\n<p>Bra och relevant inneh\u00e5ll har l\u00e4nge varit en viktig del i att h\u00e5lla anv\u00e4ndare kvar i Facebooks plattform och i att generera mer annonsint\u00e4kter. Men i och med Facebooks senaste algoritm-uppdatering \u00e4r det inte bara inneh\u00e5llet som st\u00e5r i fokus, men ocks\u00e5 dess k\u00e4lla. Eller f\u00f6r att vara mer exakt, sl\u00f6a hemsidor.<\/p>\n<p>P\u00e5 <a href=\"https:\/\/newsroom.fb.com\/news\/2017\/08\/news-feed-fyi-showing-you-stories-that-link-to-faster-loading-webpages\/\">Facebooks blogg<\/a> meddelar man att hemsidor som \u00e4r f\u00f6r l\u00e5ngsamma kommer att straffas genom att f\u00e5 minskad trafik h\u00e4nvisad till sig. Det h\u00e4r kommer att p\u00e5verka allt fr\u00e5n blogginl\u00e4gg till l\u00e4nkar till specifika undersidor som delas p\u00e5 Facebook.<\/p>\n<p>Med andra ord: Det \u00e4r h\u00f6g tid att \u00f6ka hastigheten p\u00e5 din hemsida och g\u00f6ra den mer mobilv\u00e4nlig. H\u00e4r \u00e4r n\u00e5gra <a href=\"https:\/\/media.fb.com\/2017\/08\/02\/best-practices-to-improve-mobile-site-performance\/\">tips fr\u00e5n Facebook<\/a> hur du g\u00f6r just det.<\/p>\n<h3>Fler \u00e4ndringar fr\u00e5n Facebook<\/h3>\n<p>Vad mer kan du g\u00f6ra f\u00f6r att vara relevant i den nya algoritmens \u00f6gon? Numera gillar Facebook l\u00e4ngre mer beskrivande captions i \u00e4kta \u201ccontent-marketing-anda\u201d. Syftet \u00e4r att kunna f\u00e5 anv\u00e4ndare att stanna kvar l\u00e4ngre i sin plattform, och om du hj\u00e4lper Facebook med just det leder det (f\u00f6rhoppningsvis) till b\u00e4ttre synlighet. S\u00e5 ist\u00e4llet f\u00f6r att h\u00e5lla dina tecken till ett minimum f\u00f6r att undvika \u201c&#8230;.visa mer\u201d b\u00f6r du ge dina l\u00e4sare relevant, v\u00e4rdefullt och \u00e4ven l\u00e4ngre inneh\u00e5ll.<\/p>\n","protected":false},"excerpt":{"rendered":"<p>Nya algoritmen fr\u00e5n Facebook straffar hemsidor med f\u00f6r l\u00e5nga laddningstider men gillar l\u00e5nga captions. Om du trodde att det bara var Googles algoritm-uppdateringarna du beh\u00f6vde&#8230;<\/p>\n","protected":false},"author":2,"featured_media":7696,"comment_status":"closed","ping_status":"open","sticky":false,"template":"","format":"standard","meta":{"footnotes":""},"categories":[34,30,33],"tags":[],"class_list":{"0":"post-7693","1":"post","2":"type-post","3":"status-publish","4":"format-standard","5":"has-post-thumbnail","7":"category-mobilt","8":"category-socialt-medier","9":"category-sokmarknadsforing"},"_links":{"self":[{"href":"https:\/\/euronewspages.com\/sv\/wp-json\/wp\/v2\/posts\/7693","targetHints":{"allow":["GET"]}}],"collection":[{"href":"https:\/\/euronewspages.com\/sv\/wp-json\/wp\/v2\/posts"}],"about":[{"href":"https:\/\/euronewspages.com\/sv\/wp-json\/wp\/v2\/types\/post"}],"author":[{"embeddable":true,"href":"https:\/\/euronewspages.com\/sv\/wp-json\/wp\/v2\/users\/2"}],"replies":[{"embeddable":true,"href":"https:\/\/euronewspages.com\/sv\/wp-json\/wp\/v2\/comments?post=7693"}],"version-history":[{"count":0,"href":"https:\/\/euronewspages.com\/sv\/wp-json\/wp\/v2\/posts\/7693\/revisions"}],"wp:featuredmedia":[{"embeddable":true,"href":"https:\/\/euronewspages.com\/sv\/wp-json\/"}],"wp:attachment":[{"href":"https:\/\/euronewspages.com\/sv\/wp-json\/wp\/v2\/media?parent=7693"}],"wp:term":[{"taxonomy":"category","embeddable":true,"href":"https:\/\/euronewspages.com\/sv\/wp-json\/wp\/v2\/categories?post=7693"},{"taxonomy":"post_tag","embeddable":true,"href":"https:\/\/euronewspages.com\/sv\/wp-json\/wp\/v2\/tags?post=7693"}],"curies":[{"name":"wp","href":"https:\/\/api.w.org\/{rel}","templated":true}]}}