{"id":2919,"date":"2013-05-07T09:00:03","date_gmt":"2013-05-07T09:00:03","guid":{"rendered":"https:\/\/bigcitymonkey.com\/?p=2919"},"modified":"2013-05-07T09:00:03","modified_gmt":"2013-05-07T09:00:03","slug":"fem-tips-e-handel-pa-facebook","status":"publish","type":"post","link":"https:\/\/euronewspages.com\/sv\/fem-tips-e-handel-pa-facebook\/","title":{"rendered":"Fem tips: E-handel p\u00e5 Facebook"},"content":{"rendered":"<p><strong>Medan e-handlarna sedan\u00a0l\u00e4nge har f\u00f6rst\u00e5tt betydelsen\u00a0av social shopping och att anv\u00e4nda \u00adsociala medier som en plats f\u00f6r att bygga relationer med kunderna och driva trafik till shoppen \u00e4r det f\u00e5 som lyckats integrera e-handeln direkt p\u00e5 Facebook. Det beh\u00f6ver inte betyda att det \u00e4r om\u00f6jligt att skapa framg\u00e5ngsrik f\u00f6rs\u00e4ljning p\u00e5 Facebookplattformen, d\u00e4remot finns m\u00e5nga faktorer att ta h\u00e4nsyn till.<\/strong><\/p>\n<p><strong>\u00a0<\/strong><\/p>\n<ol>\n<li>T\u00e4nk \u201dmobile first\u201d\u00a0f\u00f6r e-handelsplattformen p\u00e5 din vanliga sajt, och unders\u00f6k om den klarar Facebook-implementation redan fr\u00e5n b\u00f6rjan. Det kommer att skapa en mer flexibel design och underl\u00e4tta n\u00e4r och om du vill spegla webbutiken inuti Facebooks ramverk.<\/li>\n<li>\u00c4ven om du inte lyckas driva rena k\u00f6p\u00a0i din Facebookintegrerade butik kan den fungera som skyltf\u00f6nster f\u00f6r dina produkter som blir sociala objekt. Det kan ocks\u00e5 driva trafik till vanliga sajten.<\/li>\n<li>H\u00e5ll nere kostnaderna\u00a0f\u00f6r utveckling och support av e-handeln p\u00e5 Facebook. Testa hellre med en s\u00e5 kostnadseffektiv \u00adl\u00f6sning som m\u00f6jligt f\u00f6rst f\u00f6r att sedan m\u00e4ta resultatet och utifr\u00e5n det ta beslut om en eventuell fortsatt satsning.<\/li>\n<li>Installera Facebooks sociala plugin-program\u00a0p\u00e5 din vanliga e-handelssajt och koppla dem till enskilda produkter f\u00f6r att l\u00e4nka samman dina kunders sociala aktiviteter med deras k\u00f6p hos dig.<\/li>\n<li>L\u00e4gg stor vikt\u00a0vid den \u00f6vriga \u00adFacebook-n\u00e4rvaron f\u00f6r att \u00f6ka \u00adengagemang och kontakt med \u00adblivande och nuvarande kunder.<\/li>\n<\/ol>\n<p>K\u00e4lla: <a title=\"Internetworld\" href=\"http:\/\/internetworld.idg.se\/\" target=\"_blank\" rel=\"noopener noreferrer\">Internetworld<\/a><\/p>\n","protected":false},"excerpt":{"rendered":"<p>Medan e-handlarna sedan\u00a0l\u00e4nge har f\u00f6rst\u00e5tt betydelsen\u00a0av social shopping och att anv\u00e4nda \u00adsociala medier som en plats f\u00f6r att bygga relationer med kunderna och driva trafik&#8230;<\/p>\n","protected":false},"author":2,"featured_media":0,"comment_status":"closed","ping_status":"open","sticky":false,"template":"","format":"standard","meta":{"footnotes":""},"categories":[28,37,30],"tags":[116,50],"class_list":{"0":"post-2919","1":"post","2":"type-post","3":"status-publish","4":"format-standard","6":"category-konvertering","7":"category-media","8":"category-socialt-medier","9":"tag-e-handel","10":"tag-facebook"},"_links":{"self":[{"href":"https:\/\/euronewspages.com\/sv\/wp-json\/wp\/v2\/posts\/2919","targetHints":{"allow":["GET"]}}],"collection":[{"href":"https:\/\/euronewspages.com\/sv\/wp-json\/wp\/v2\/posts"}],"about":[{"href":"https:\/\/euronewspages.com\/sv\/wp-json\/wp\/v2\/types\/post"}],"author":[{"embeddable":true,"href":"https:\/\/euronewspages.com\/sv\/wp-json\/wp\/v2\/users\/2"}],"replies":[{"embeddable":true,"href":"https:\/\/euronewspages.com\/sv\/wp-json\/wp\/v2\/comments?post=2919"}],"version-history":[{"count":0,"href":"https:\/\/euronewspages.com\/sv\/wp-json\/wp\/v2\/posts\/2919\/revisions"}],"wp:attachment":[{"href":"https:\/\/euronewspages.com\/sv\/wp-json\/wp\/v2\/media?parent=2919"}],"wp:term":[{"taxonomy":"category","embeddable":true,"href":"https:\/\/euronewspages.com\/sv\/wp-json\/wp\/v2\/categories?post=2919"},{"taxonomy":"post_tag","embeddable":true,"href":"https:\/\/euronewspages.com\/sv\/wp-json\/wp\/v2\/tags?post=2919"}],"curies":[{"name":"wp","href":"https:\/\/api.w.org\/{rel}","templated":true}]}}